[{"@context":"https:\/\/schema.org\/","@type":"Article","@id":"https:\/\/www.blom.cz\/nabytek-ktery-vas-byt-zvetsi\/#Article","mainEntityOfPage":"https:\/\/www.blom.cz\/nabytek-ktery-vas-byt-zvetsi\/","headline":"N\u00e1bytek, kter\u00fd v\u00e1\u0161 byt zv\u011bt\u0161\u00ed","name":"N\u00e1bytek, kter\u00fd v\u00e1\u0161 byt zv\u011bt\u0161\u00ed","description":"Pokud uva\u017eujete o tom, jak co nejefektivn\u011bji vyu\u017e\u00edt prostor ve va\u0161em byt\u011b, vsa\u010fte na vestav\u011bn\u00e9 sk\u0159\u00edn\u011b. Jejich po\u0159\u00edzen\u00ed se v\u00e1m jednozna\u010dn\u011b vyplat\u00ed, nebo\u0165 cena vestavn\u00fdch sk\u0159\u00edn\u00ed je vzhledem k tomu, co v\u0161echno v\u00e1m tento propracovan\u00fd \u00falo\u017en\u00fd prostor nab\u00edz\u00ed, v\u00edce ne\u017e p\u0159\u00edzniv\u00e1. M\u00e1te doma n\u011bjak\u00fd zapomenut\u00fd a m\u00e1lo vyu\u017e\u00edvan\u00fd kout? M\u00e1te n\u011bkde \u00fazk\u00fd prostor, kter\u00fd je [&hellip;]","datePublished":"2018-09-23","dateModified":"2023-05-01","author":{"@type":"Person","@id":"https:\/\/www.blom.cz\/author\/#Person","name":"blom.cz\n","url":"https:\/\/www.blom.cz\/author\/","identifier":1,"image":{"@type":"ImageObject","@id":"https:\/\/secure.gravatar.com\/avatar\/e0a4ee3123bc6cda06472cb29cefd2abfa18c894e6c63b3d8bc84df8da10f637?s=96&d=mm&r=g","url":"https:\/\/secure.gravatar.com\/avatar\/e0a4ee3123bc6cda06472cb29cefd2abfa18c894e6c63b3d8bc84df8da10f637?s=96&d=mm&r=g","height":96,"width":96}},"publisher":{"@type":"Organization","name":"blom.cz","logo":{"@type":"ImageObject","@id":"\/logo.png","url":"\/logo.png","width":600,"height":60}},"image":{"@type":"ImageObject","@id":"https:\/\/www.blom.cz\/wp-content\/uploads\/img_a325409_w2160_t1537258352.jpg","url":"https:\/\/www.blom.cz\/wp-content\/uploads\/img_a325409_w2160_t1537258352.jpg","height":0,"width":0},"url":"https:\/\/www.blom.cz\/nabytek-ktery-vas-byt-zvetsi\/","about":["V\u00fdrobky"],"wordCount":431,"articleBody":"  Pokud uva\u017eujete o tom, jak co nejefektivn\u011bji vyu\u017e\u00edt prostor ve va\u0161em byt\u011b, vsa\u010fte na vestav\u011bn\u00e9 sk\u0159\u00edn\u011b. Jejich po\u0159\u00edzen\u00ed se v\u00e1m jednozna\u010dn\u011b vyplat\u00ed, nebo\u0165 cena vestavn\u00fdch sk\u0159\u00edn\u00ed je vzhledem k tomu, co v\u0161echno v\u00e1m tento propracovan\u00fd \u00falo\u017en\u00fd prostor nab\u00edz\u00ed, v\u00edce ne\u017e p\u0159\u00edzniv\u00e1.  M\u00e1te doma n\u011bjak\u00fd zapomenut\u00fd a m\u00e1lo vyu\u017e\u00edvan\u00fd kout? M\u00e1te n\u011bkde \u00fazk\u00fd prostor, kter\u00fd je pro v\u00e1s v podstat\u011b zbyte\u010dn\u00fd? Vyu\u017eijete jej k v\u00fdrob\u011b vestav\u011bn\u00e9 sk\u0159\u00edn\u011b! Z\u00edsk\u00e1te tak skv\u011bl\u00fd \u00falo\u017en\u00fd prostor, kter\u00fd se \u010dlov\u011bku v\u017edycky hod\u00ed, a\u0165 u\u017e bydl\u00ed v mal\u00e9m, st\u00edsn\u011bn\u00e9m byt\u011b anebo ve velk\u00e9m dom\u011b, a nav\u00edc takov\u00fd prostor esteticky pov\u00fd\u0161\u00edte o \u00farove\u0148 v\u00fd\u0161. Vestav\u011bn\u00e9 sk\u0159\u00edn\u011b jsou toti\u017e nejen velice praktick\u00e9, ale napohled tak\u00e9 kr\u00e1sn\u00e9 a do bytu se v\u017edy perfektn\u011b hod\u00ed, a\u0165 u\u017e je za\u0159\u00edzen\u00fd v jak\u00e9mkoli stylu. Je tedy jist\u00e9, \u017ee se budou l\u00edbit i v\u00e1m. Jak by tak\u00e9 ne, kdy\u017e si jejich vzhled m\u016f\u017eete navrhnout sami podle sv\u00e9ho c\u00edt\u011bn\u00ed a sv\u00fdch pot\u0159eb anebo je t\u0159eba m\u016f\u017eete nechat zhotovit podle n\u00e1vrhu bytov\u00e9ho architekta. Z\u00e1le\u017e\u00ed jen na v\u00e1s, jak\u00e9 jsou va\u0161e p\u0159edstavy a vkus, kter\u00fdm zhotovitel\u00e9 n\u00e1bytku vyjdou maxim\u00e1ln\u011b vst\u0159\u00edc.  V\u017edy\u0165 na v\u00fdb\u011br m\u00e1te z cel\u00e9 \u0159ady barev a dekor\u016f, mezi kter\u00fdmi snadno najdete ten prav\u00fd, jak\u00fd se v\u00e1m bude l\u00edbit. Jen si p\u0159edstavte, jak to u v\u00e1s doma bude skv\u011bl\u00e9, a\u017e se v\u00e1m tam v\u0161ude nebudou v\u00e1let p\u0159ebyte\u010dn\u00e9 v\u011bci, kter\u00e9 u\u017e d\u00e1vno nem\u00e1te kam d\u00e1vat. Ze v\u0161ech roh\u016f, co doma m\u00e1te, zmiz\u00ed nevzhledn\u00e9 hromady oble\u010den\u00ed, knih, spot\u0159ebi\u010d\u016f  https:\/\/www.premereni.cz\/cs\/dulezite-informace\/kalkulacky-energie\/domaci-spotrebice\/provozni-naklady-domacich-spotrebicu\/anebo t\u0159eba kufry, kter\u00e9 se v\u00e1m do \u017e\u00e1dn\u00e9 police nevejdou. Do prostorn\u00e9 vestav\u011bn\u00e9 sk\u0159\u00edn\u011b tak\u00e9 hrav\u011b schov\u00e1te v\u0161echny v\u011bci, je\u017e vyu\u017e\u00edv\u00e1te jen jednou v roce, jako jsou nap\u0159\u00edklad v\u00e1no\u010dn\u00ed a velikono\u010dn\u00ed dekorace. Vnit\u0159n\u00ed \u00falo\u017en\u00fd prostor bude \u010dlen\u011bn\u00fd p\u0159esn\u011b tak, jak to pot\u0159ebujete vy, tak\u017ee bude d\u011blan\u00fd na m\u00edru v\u0161em v\u011bcem, kter\u00e9 zde chcete uskladnit. Sv\u00e9 m\u00edsto si tam hrav\u011b najde v\u00e1\u0161 kart\u00e1\u010d na boty, stejn\u011b tak jako t\u0159eba nafukovac\u00ed leh\u00e1tko do baz\u00e9nu.                                                                                                                                                                                                                                                                                                                                                                                                 "},{"@context":"https:\/\/schema.org\/","@type":"BreadcrumbList","itemListElement":[{"@type":"ListItem","position":1,"name":"N\u00e1bytek, kter\u00fd v\u00e1\u0161 byt zv\u011bt\u0161\u00ed","item":"https:\/\/www.blom.cz\/nabytek-ktery-vas-byt-zvetsi\/#breadcrumbitem"}]}]